{"id":2471,"date":"2020-06-15T17:07:35","date_gmt":"2020-06-15T15:07:35","guid":{"rendered":"https:\/\/www.enscmu.uha.fr\/?p=2471"},"modified":"2020-08-28T11:54:42","modified_gmt":"2020-08-28T09:54:42","slug":"contrat-pro-linterview-de-blandine","status":"publish","type":"post","link":"https:\/\/www.enscmu.uha.fr\/index.php\/2020\/06\/15\/contrat-pro-linterview-de-blandine\/","title":{"rendered":"CONTRAT PRO : L&rsquo;INTERVIEW DE BLANDINE BRIAS"},"content":{"rendered":"<p><img loading=\"lazy\" decoding=\"async\" class=\"wp-image-2472 size-medium alignright\" src=\"https:\/\/www.enscmu.uha.fr\/wp-content\/uploads\/2020\/06\/DR_B.Brias_-225x300.jpg\" alt=\"\" width=\"225\" height=\"300\" srcset=\"https:\/\/www.enscmu.uha.fr\/wp-content\/uploads\/2020\/06\/DR_B.Brias_-225x300.jpg 225w, https:\/\/www.enscmu.uha.fr\/wp-content\/uploads\/2020\/06\/DR_B.Brias_.jpg 591w\" sizes=\"auto, (max-width: 225px) 100vw, 225px\" \/><\/p>\n<h5>Vous finissez votre 2e ann\u00e9e dans un contexte un peu particulier.<br \/>\nComment cela se passe-t-il pour vous en ce moment ?<\/h5>\n<div>\n<p>\u00ab\u00a0La 2e ann\u00e9e \u00e0 l\u2019ENSCMu se finit normalement d\u00e9but avril. Ainsi, lorsque le confinement a \u00e9t\u00e9 annonc\u00e9, il me restait peu de cours \u00e0 suivre mais de nombreux partiels \u00e0 passer. Les derniers cours m\u2019ont \u00e9t\u00e9 envoy\u00e9s par mail et j\u2019ai d\u00fb les travailler de chez moi. Les partiels ont \u00e9t\u00e9 repens\u00e9s pour pouvoir \u00eatre faits de la maison : ils ont eu lieu sur Moodle, avec un cr\u00e9neau horaire \u00e0 respecter. Tout s\u2019est bien pass\u00e9 pour ma part.<\/p>\n<p>J\u2019aurais d\u00fb commencer mon stage au Royaume-Uni le 6 avril dernier, au sein du d\u00e9partement R&amp;D d\u2019une entreprise cosm\u00e9tique. \u00c9videmment je n\u2019ai pas pu partir, je suis un peu d\u00e9\u00e7ue car j\u2019aurais beaucoup aim\u00e9 le faire, \u00e0 la fois pour d\u00e9velopper mes connaissances et comp\u00e9tences en cosm\u00e9tologie, secteur dans lequel je souhaite \u00e9voluer par la suite, et pour renforcer mon niveau d\u2019anglais.\u00a0\u00bb<\/p>\n<\/div>\n<h5>Pourquoi avoir souhait\u00e9 profiter de l&rsquo;ouverture du parcours en contrat de professionnalisation \u00e0 la rentr\u00e9e prochaine ?<\/h5>\n<div>\n<p>\u00ab\u00a0Depuis le lyc\u00e9e, je souhaite travailler dans la chimie et plus pr\u00e9cis\u00e9ment dans l\u2019industrie cosm\u00e9tique. Ma licence de chimie \u00e0 l\u2019Universit\u00e9 Jean Monnet Saint-Etienne m\u2019a confort\u00e9e dans mon choix professionnel de devenir ing\u00e9nieur en formulation cosm\u00e9tique. Pour atteindre cet objectif je souhaite suivre l\u2019<a href=\"https:\/\/www.enscmu.uha.fr\/wp-content\/uploads\/2020\/08\/ENSCMu_options_3A_08.2020.pdf#page=2\" target=\"_blank\" rel=\"noopener noreferrer\">option formulation et cosm\u00e9tologie<\/a> que propose l\u2019ENSCMu en 3e ann\u00e9e. A partir de la rentr\u00e9e 2020, l\u2019ENSCMu met en place la possibilit\u00e9 d\u2019effectuer sa troisi\u00e8me ann\u00e9e \u00e0 l\u2019\u00e9cole d\u2019ing\u00e9nieur en alternance. J\u2019ai vu en cette possibilit\u00e9 une r\u00e9elle opportunit\u00e9 d\u2019acqu\u00e9rir de l\u2019exp\u00e9rience sur le terrain. L\u2019alternance repr\u00e9sente pour moi la possibilit\u00e9 de combiner th\u00e9orie \u00e0 l\u2019ENSCMu et pratique en entreprise. De plus, mon projet professionnel est bien \u00e9tabli depuis de nombreuses ann\u00e9es. Ainsi, en effectuant ma derni\u00e8re ann\u00e9e d\u2019\u00e9tudes en alternance, j\u2019ai \u00e0 c\u0153ur de me sp\u00e9cialiser davantage au-del\u00e0 des cours et de m\u2019\u00e9panouir dans un domaine qui m\u2019attire depuis de nombreuses ann\u00e9es. Je pense que l\u2019alternance est une bonne mani\u00e8re de m\u2019ouvrir au monde professionnel. C\u2019est aussi une exp\u00e9rience qui, par la suite, peut \u00eatre mise en avant sur le CV et aupr\u00e8s des recruteurs.\u00a0\u00bb<\/p>\n<h5>Comment avez-vous trouv\u00e9\/choisi l&rsquo;entreprise Roquette ?<\/h5>\n<p>\u00ab\u00a0D\u00e8s mars dernier, je me suis lanc\u00e9e dans la recherche d\u2019une entreprise qui pourrait m\u2019accueillir en tant qu\u2019apprentie pour la rentr\u00e9e de septembre 2020. J\u2019ai tir\u00e9 parti du confinement pour m\u2019investir \u00e0 100 % dans mes recherches et postuler \u00e0 plusieurs offres parues en ligne. J\u2019ai notamment postul\u00e9 \u00e0 l\u2019offre de Roquette pour un poste d\u2019Alternant(e) Ing\u00e9nieur Formulation Cosm\u00e9tique.<\/p>\n<p>Roquette est une entreprise fran\u00e7aise figurant parmi les leaders mondiaux dans le domaine des ingr\u00e9dients d\u2019origine v\u00e9g\u00e9tale. Elle fournit essentiellement les industries pharmaceutiques et agroalimentaires mais elle s\u2019est r\u00e9cemment diversifi\u00e9e en cr\u00e9ant, en 2018, un laboratoire d\u00e9di\u00e9 aux mati\u00e8res premi\u00e8res v\u00e9g\u00e9tales cosm\u00e9tiques. Roquette est une entreprise qui a retenu mon attention car elle est engag\u00e9e et veille \u00e0 respecter la nature et l\u2019environnement, c\u2019est une valeur que je trouve tr\u00e8s importante. De plus, le laboratoire cosm\u00e9tique est tr\u00e8s r\u00e9cent et semble \u00eatre sur une tr\u00e8s bonne dynamique.\u00a0\u00bb<\/p>\n<h5>Comment avez-vous \u00e9t\u00e9 recrut\u00e9e ?<\/h5>\n<\/div>\n<p>\u00ab\u00a0Roquette m\u2019a appel\u00e9e tr\u00e8s rapidement apr\u00e8s avoir postul\u00e9, afin de fixer un premier entretien. J\u2019en ai pass\u00e9 4 au total, avec les ressources humaines, puis avec la Manager du laboratoire d\u2019Applications Cosm\u00e9tiques, avec 2 ing\u00e9nieurs travaillant au sein du laboratoire et finalement avec la Cosmetics PMO. A l\u2019issue de ces 4 entretiens j\u2019ai eu la bonne nouvelle d\u2019\u00eatre accept\u00e9e ! Je serai donc alternante au sein du laboratoire d\u2019Applications Cosm\u00e9tiques, situ\u00e9 en r\u00e9gion parisienne, d\u00e8s la rentr\u00e9e 2020. Je serai supervis\u00e9e par la Manager du laboratoire. Je devrais avoir un travail assez diversifi\u00e9 : recherches bibliographiques en vue de d\u00e9velopper de nouvelles mati\u00e8res premi\u00e8res d\u2019origine v\u00e9g\u00e9tale, mise en \u0153uvre de ces mati\u00e8res premi\u00e8res, formulation, suivi de stabilit\u00e9, contr\u00f4les physico-chimiques, interactions avec les autres fonctions support du d\u00e9veloppement.<\/p>\n<p>Le rythme d\u2019alternance 2 jours en r\u00e9gion parisienne\/ 3 jours \u00e0 Mulhouse va \u00eatre tr\u00e8s soutenu mais je pense que le jeu en vaut la chandelle. Je vais pouvoir apprendre \u00e9norm\u00e9ment de choses lors de cette ann\u00e9e en alternance, que ce soit au niveau technique ou au niveau relationnel. Je pense \u00e9galement que ce sera une exp\u00e9rience tr\u00e8s enrichissante. J\u2019ai h\u00e2te de commencer !\u00a0\u00bb<\/p>\n<p>&nbsp;<\/p>\n<p>En savoir plus sur le <a href=\"https:\/\/www.enscmu.uha.fr\/index.php\/projet-contrat-de-professionnalisation\/\" target=\"_blank\" rel=\"noopener noreferrer\">contrat de professionnalisation \u00e0 l&rsquo;ENSCMu<\/a>.<\/p>\n","protected":false},"excerpt":{"rendered":"<p>Vous finissez votre 2e ann\u00e9e dans un contexte un peu particulier. Comment cela se passe-t-il pour vous en ce moment ? \u00ab\u00a0La 2e ann\u00e9e \u00e0 l\u2019ENSCMu se finit normalement d\u00e9but avril. Ainsi, lorsque le confinement a \u00e9t\u00e9 annonc\u00e9, il me restait peu de cours \u00e0 suivre mais de nombreux partiels \u00e0 passer. Les derniers cours [&hellip;]<\/p>\n","protected":false},"author":2,"featured_media":2472,"comment_status":"closed","ping_status":"closed","sticky":false,"template":"","format":"standard","meta":{"footnotes":""},"categories":[4,1],"tags":[],"class_list":["post-2471","post","type-post","status-publish","format-standard","has-post-thumbnail","hentry","category-actualites","category-non-classe"],"yoast_head":"<!-- This site is optimized with the Yoast SEO plugin v27.4 - https:\/\/yoast.com\/product\/yoast-seo-wordpress\/ -->\n<title>CONTRAT PRO : L&#039;INTERVIEW DE BLANDINE BRIAS - ENSCMu<\/title>\n<meta name=\"robots\" content=\"index, follow, max-snippet:-1, max-image-preview:large, max-video-preview:-1\" \/>\n<link rel=\"canonical\" href=\"https:\/\/www.enscmu.uha.fr\/index.php\/2020\/06\/15\/contrat-pro-linterview-de-blandine\/\" \/>\n<meta property=\"og:locale\" content=\"fr_FR\" \/>\n<meta property=\"og:type\" content=\"article\" \/>\n<meta property=\"og:title\" content=\"CONTRAT PRO : L&#039;INTERVIEW DE BLANDINE BRIAS - ENSCMu\" \/>\n<meta property=\"og:description\" content=\"Vous finissez votre 2e ann\u00e9e dans un contexte un peu particulier. Comment cela se passe-t-il pour vous en ce moment ? \u00ab\u00a0La 2e ann\u00e9e \u00e0 l\u2019ENSCMu se finit normalement d\u00e9but avril. Ainsi, lorsque le confinement a \u00e9t\u00e9 annonc\u00e9, il me restait peu de cours \u00e0 suivre mais de nombreux partiels \u00e0 passer. Les derniers cours [&hellip;]\" \/>\n<meta property=\"og:url\" content=\"https:\/\/www.enscmu.uha.fr\/index.php\/2020\/06\/15\/contrat-pro-linterview-de-blandine\/\" \/>\n<meta property=\"og:site_name\" content=\"ENSCMu | \u00c9cole Nationale Sup\u00e9rieure de Chimie de Mulhouse\" \/>\n<meta property=\"article:published_time\" content=\"2020-06-15T15:07:35+00:00\" \/>\n<meta property=\"article:modified_time\" content=\"2020-08-28T09:54:42+00:00\" \/>\n<meta property=\"og:image\" content=\"https:\/\/www.enscmu.uha.fr\/wp-content\/uploads\/2020\/06\/DR_B.Brias_.jpg\" \/>\n\t<meta property=\"og:image:width\" content=\"591\" \/>\n\t<meta property=\"og:image:height\" content=\"788\" \/>\n\t<meta property=\"og:image:type\" content=\"image\/jpeg\" \/>\n<meta name=\"author\" content=\"Audrey Alau\" \/>\n<meta name=\"twitter:card\" content=\"summary_large_image\" \/>\n<meta name=\"twitter:label1\" content=\"\u00c9crit par\" \/>\n\t<meta name=\"twitter:data1\" content=\"Audrey Alau\" \/>\n\t<meta name=\"twitter:label2\" content=\"Dur\u00e9e de lecture estim\u00e9e\" \/>\n\t<meta name=\"twitter:data2\" content=\"4 minutes\" \/>\n<script type=\"application\/ld+json\" class=\"yoast-schema-graph\">{\"@context\":\"https:\\\/\\\/schema.org\",\"@graph\":[{\"@type\":\"Article\",\"@id\":\"https:\\\/\\\/www.enscmu.uha.fr\\\/index.php\\\/2020\\\/06\\\/15\\\/contrat-pro-linterview-de-blandine\\\/#article\",\"isPartOf\":{\"@id\":\"https:\\\/\\\/www.enscmu.uha.fr\\\/index.php\\\/2020\\\/06\\\/15\\\/contrat-pro-linterview-de-blandine\\\/\"},\"author\":{\"name\":\"Audrey Alau\",\"@id\":\"https:\\\/\\\/www.enscmu.uha.fr\\\/#\\\/schema\\\/person\\\/f2835d395f80e52a366b81e0dcdcbf25\"},\"headline\":\"CONTRAT PRO : L&rsquo;INTERVIEW DE BLANDINE BRIAS\",\"datePublished\":\"2020-06-15T15:07:35+00:00\",\"dateModified\":\"2020-08-28T09:54:42+00:00\",\"mainEntityOfPage\":{\"@id\":\"https:\\\/\\\/www.enscmu.uha.fr\\\/index.php\\\/2020\\\/06\\\/15\\\/contrat-pro-linterview-de-blandine\\\/\"},\"wordCount\":835,\"image\":{\"@id\":\"https:\\\/\\\/www.enscmu.uha.fr\\\/index.php\\\/2020\\\/06\\\/15\\\/contrat-pro-linterview-de-blandine\\\/#primaryimage\"},\"thumbnailUrl\":\"https:\\\/\\\/www.enscmu.uha.fr\\\/wp-content\\\/uploads\\\/2020\\\/06\\\/DR_B.Brias_.jpg\",\"articleSection\":[\"Actualit\u00e9s\"],\"inLanguage\":\"fr-FR\"},{\"@type\":\"WebPage\",\"@id\":\"https:\\\/\\\/www.enscmu.uha.fr\\\/index.php\\\/2020\\\/06\\\/15\\\/contrat-pro-linterview-de-blandine\\\/\",\"url\":\"https:\\\/\\\/www.enscmu.uha.fr\\\/index.php\\\/2020\\\/06\\\/15\\\/contrat-pro-linterview-de-blandine\\\/\",\"name\":\"CONTRAT PRO : L'INTERVIEW DE BLANDINE BRIAS - ENSCMu\",\"isPartOf\":{\"@id\":\"https:\\\/\\\/www.enscmu.uha.fr\\\/#website\"},\"primaryImageOfPage\":{\"@id\":\"https:\\\/\\\/www.enscmu.uha.fr\\\/index.php\\\/2020\\\/06\\\/15\\\/contrat-pro-linterview-de-blandine\\\/#primaryimage\"},\"image\":{\"@id\":\"https:\\\/\\\/www.enscmu.uha.fr\\\/index.php\\\/2020\\\/06\\\/15\\\/contrat-pro-linterview-de-blandine\\\/#primaryimage\"},\"thumbnailUrl\":\"https:\\\/\\\/www.enscmu.uha.fr\\\/wp-content\\\/uploads\\\/2020\\\/06\\\/DR_B.Brias_.jpg\",\"datePublished\":\"2020-06-15T15:07:35+00:00\",\"dateModified\":\"2020-08-28T09:54:42+00:00\",\"author\":{\"@id\":\"https:\\\/\\\/www.enscmu.uha.fr\\\/#\\\/schema\\\/person\\\/f2835d395f80e52a366b81e0dcdcbf25\"},\"breadcrumb\":{\"@id\":\"https:\\\/\\\/www.enscmu.uha.fr\\\/index.php\\\/2020\\\/06\\\/15\\\/contrat-pro-linterview-de-blandine\\\/#breadcrumb\"},\"inLanguage\":\"fr-FR\",\"potentialAction\":[{\"@type\":\"ReadAction\",\"target\":[\"https:\\\/\\\/www.enscmu.uha.fr\\\/index.php\\\/2020\\\/06\\\/15\\\/contrat-pro-linterview-de-blandine\\\/\"]}]},{\"@type\":\"ImageObject\",\"inLanguage\":\"fr-FR\",\"@id\":\"https:\\\/\\\/www.enscmu.uha.fr\\\/index.php\\\/2020\\\/06\\\/15\\\/contrat-pro-linterview-de-blandine\\\/#primaryimage\",\"url\":\"https:\\\/\\\/www.enscmu.uha.fr\\\/wp-content\\\/uploads\\\/2020\\\/06\\\/DR_B.Brias_.jpg\",\"contentUrl\":\"https:\\\/\\\/www.enscmu.uha.fr\\\/wp-content\\\/uploads\\\/2020\\\/06\\\/DR_B.Brias_.jpg\",\"width\":591,\"height\":788},{\"@type\":\"BreadcrumbList\",\"@id\":\"https:\\\/\\\/www.enscmu.uha.fr\\\/index.php\\\/2020\\\/06\\\/15\\\/contrat-pro-linterview-de-blandine\\\/#breadcrumb\",\"itemListElement\":[{\"@type\":\"ListItem\",\"position\":1,\"name\":\"Accueil\",\"item\":\"https:\\\/\\\/www.enscmu.uha.fr\\\/\"},{\"@type\":\"ListItem\",\"position\":2,\"name\":\"CONTRAT PRO : L&#8217;INTERVIEW DE BLANDINE BRIAS\"}]},{\"@type\":\"WebSite\",\"@id\":\"https:\\\/\\\/www.enscmu.uha.fr\\\/#website\",\"url\":\"https:\\\/\\\/www.enscmu.uha.fr\\\/\",\"name\":\"ENSCMu | \u00c9cole Nationale Sup\u00e9rieure de Chimie de Mulhouse\",\"description\":\"Campus Illberg | Universit\u00e9 de Haute-Alsace\",\"potentialAction\":[{\"@type\":\"SearchAction\",\"target\":{\"@type\":\"EntryPoint\",\"urlTemplate\":\"https:\\\/\\\/www.enscmu.uha.fr\\\/?s={search_term_string}\"},\"query-input\":{\"@type\":\"PropertyValueSpecification\",\"valueRequired\":true,\"valueName\":\"search_term_string\"}}],\"inLanguage\":\"fr-FR\"},{\"@type\":\"Person\",\"@id\":\"https:\\\/\\\/www.enscmu.uha.fr\\\/#\\\/schema\\\/person\\\/f2835d395f80e52a366b81e0dcdcbf25\",\"name\":\"Audrey Alau\",\"image\":{\"@type\":\"ImageObject\",\"inLanguage\":\"fr-FR\",\"@id\":\"https:\\\/\\\/secure.gravatar.com\\\/avatar\\\/2baf6bd13e273bf286de0c1514a12561884c9d0187dbcb57e69148c50ace2666?s=96&d=mm&r=g\",\"url\":\"https:\\\/\\\/secure.gravatar.com\\\/avatar\\\/2baf6bd13e273bf286de0c1514a12561884c9d0187dbcb57e69148c50ace2666?s=96&d=mm&r=g\",\"contentUrl\":\"https:\\\/\\\/secure.gravatar.com\\\/avatar\\\/2baf6bd13e273bf286de0c1514a12561884c9d0187dbcb57e69148c50ace2666?s=96&d=mm&r=g\",\"caption\":\"Audrey Alau\"},\"url\":\"https:\\\/\\\/www.enscmu.uha.fr\\\/index.php\\\/author\\\/audrey-alauuha-fr\\\/\"}]}<\/script>\n<!-- \/ Yoast SEO plugin. -->","yoast_head_json":{"title":"CONTRAT PRO : L'INTERVIEW DE BLANDINE BRIAS - ENSCMu","robots":{"index":"index","follow":"follow","max-snippet":"max-snippet:-1","max-image-preview":"max-image-preview:large","max-video-preview":"max-video-preview:-1"},"canonical":"https:\/\/www.enscmu.uha.fr\/index.php\/2020\/06\/15\/contrat-pro-linterview-de-blandine\/","og_locale":"fr_FR","og_type":"article","og_title":"CONTRAT PRO : L'INTERVIEW DE BLANDINE BRIAS - ENSCMu","og_description":"Vous finissez votre 2e ann\u00e9e dans un contexte un peu particulier. Comment cela se passe-t-il pour vous en ce moment ? \u00ab\u00a0La 2e ann\u00e9e \u00e0 l\u2019ENSCMu se finit normalement d\u00e9but avril. Ainsi, lorsque le confinement a \u00e9t\u00e9 annonc\u00e9, il me restait peu de cours \u00e0 suivre mais de nombreux partiels \u00e0 passer. Les derniers cours [&hellip;]","og_url":"https:\/\/www.enscmu.uha.fr\/index.php\/2020\/06\/15\/contrat-pro-linterview-de-blandine\/","og_site_name":"ENSCMu | \u00c9cole Nationale Sup\u00e9rieure de Chimie de Mulhouse","article_published_time":"2020-06-15T15:07:35+00:00","article_modified_time":"2020-08-28T09:54:42+00:00","og_image":[{"width":591,"height":788,"url":"https:\/\/www.enscmu.uha.fr\/wp-content\/uploads\/2020\/06\/DR_B.Brias_.jpg","type":"image\/jpeg"}],"author":"Audrey Alau","twitter_card":"summary_large_image","twitter_misc":{"\u00c9crit par":"Audrey Alau","Dur\u00e9e de lecture estim\u00e9e":"4 minutes"},"schema":{"@context":"https:\/\/schema.org","@graph":[{"@type":"Article","@id":"https:\/\/www.enscmu.uha.fr\/index.php\/2020\/06\/15\/contrat-pro-linterview-de-blandine\/#article","isPartOf":{"@id":"https:\/\/www.enscmu.uha.fr\/index.php\/2020\/06\/15\/contrat-pro-linterview-de-blandine\/"},"author":{"name":"Audrey Alau","@id":"https:\/\/www.enscmu.uha.fr\/#\/schema\/person\/f2835d395f80e52a366b81e0dcdcbf25"},"headline":"CONTRAT PRO : L&rsquo;INTERVIEW DE BLANDINE BRIAS","datePublished":"2020-06-15T15:07:35+00:00","dateModified":"2020-08-28T09:54:42+00:00","mainEntityOfPage":{"@id":"https:\/\/www.enscmu.uha.fr\/index.php\/2020\/06\/15\/contrat-pro-linterview-de-blandine\/"},"wordCount":835,"image":{"@id":"https:\/\/www.enscmu.uha.fr\/index.php\/2020\/06\/15\/contrat-pro-linterview-de-blandine\/#primaryimage"},"thumbnailUrl":"https:\/\/www.enscmu.uha.fr\/wp-content\/uploads\/2020\/06\/DR_B.Brias_.jpg","articleSection":["Actualit\u00e9s"],"inLanguage":"fr-FR"},{"@type":"WebPage","@id":"https:\/\/www.enscmu.uha.fr\/index.php\/2020\/06\/15\/contrat-pro-linterview-de-blandine\/","url":"https:\/\/www.enscmu.uha.fr\/index.php\/2020\/06\/15\/contrat-pro-linterview-de-blandine\/","name":"CONTRAT PRO : L'INTERVIEW DE BLANDINE BRIAS - ENSCMu","isPartOf":{"@id":"https:\/\/www.enscmu.uha.fr\/#website"},"primaryImageOfPage":{"@id":"https:\/\/www.enscmu.uha.fr\/index.php\/2020\/06\/15\/contrat-pro-linterview-de-blandine\/#primaryimage"},"image":{"@id":"https:\/\/www.enscmu.uha.fr\/index.php\/2020\/06\/15\/contrat-pro-linterview-de-blandine\/#primaryimage"},"thumbnailUrl":"https:\/\/www.enscmu.uha.fr\/wp-content\/uploads\/2020\/06\/DR_B.Brias_.jpg","datePublished":"2020-06-15T15:07:35+00:00","dateModified":"2020-08-28T09:54:42+00:00","author":{"@id":"https:\/\/www.enscmu.uha.fr\/#\/schema\/person\/f2835d395f80e52a366b81e0dcdcbf25"},"breadcrumb":{"@id":"https:\/\/www.enscmu.uha.fr\/index.php\/2020\/06\/15\/contrat-pro-linterview-de-blandine\/#breadcrumb"},"inLanguage":"fr-FR","potentialAction":[{"@type":"ReadAction","target":["https:\/\/www.enscmu.uha.fr\/index.php\/2020\/06\/15\/contrat-pro-linterview-de-blandine\/"]}]},{"@type":"ImageObject","inLanguage":"fr-FR","@id":"https:\/\/www.enscmu.uha.fr\/index.php\/2020\/06\/15\/contrat-pro-linterview-de-blandine\/#primaryimage","url":"https:\/\/www.enscmu.uha.fr\/wp-content\/uploads\/2020\/06\/DR_B.Brias_.jpg","contentUrl":"https:\/\/www.enscmu.uha.fr\/wp-content\/uploads\/2020\/06\/DR_B.Brias_.jpg","width":591,"height":788},{"@type":"BreadcrumbList","@id":"https:\/\/www.enscmu.uha.fr\/index.php\/2020\/06\/15\/contrat-pro-linterview-de-blandine\/#breadcrumb","itemListElement":[{"@type":"ListItem","position":1,"name":"Accueil","item":"https:\/\/www.enscmu.uha.fr\/"},{"@type":"ListItem","position":2,"name":"CONTRAT PRO : L&#8217;INTERVIEW DE BLANDINE BRIAS"}]},{"@type":"WebSite","@id":"https:\/\/www.enscmu.uha.fr\/#website","url":"https:\/\/www.enscmu.uha.fr\/","name":"ENSCMu | \u00c9cole Nationale Sup\u00e9rieure de Chimie de Mulhouse","description":"Campus Illberg | Universit\u00e9 de Haute-Alsace","potentialAction":[{"@type":"SearchAction","target":{"@type":"EntryPoint","urlTemplate":"https:\/\/www.enscmu.uha.fr\/?s={search_term_string}"},"query-input":{"@type":"PropertyValueSpecification","valueRequired":true,"valueName":"search_term_string"}}],"inLanguage":"fr-FR"},{"@type":"Person","@id":"https:\/\/www.enscmu.uha.fr\/#\/schema\/person\/f2835d395f80e52a366b81e0dcdcbf25","name":"Audrey Alau","image":{"@type":"ImageObject","inLanguage":"fr-FR","@id":"https:\/\/secure.gravatar.com\/avatar\/2baf6bd13e273bf286de0c1514a12561884c9d0187dbcb57e69148c50ace2666?s=96&d=mm&r=g","url":"https:\/\/secure.gravatar.com\/avatar\/2baf6bd13e273bf286de0c1514a12561884c9d0187dbcb57e69148c50ace2666?s=96&d=mm&r=g","contentUrl":"https:\/\/secure.gravatar.com\/avatar\/2baf6bd13e273bf286de0c1514a12561884c9d0187dbcb57e69148c50ace2666?s=96&d=mm&r=g","caption":"Audrey Alau"},"url":"https:\/\/www.enscmu.uha.fr\/index.php\/author\/audrey-alauuha-fr\/"}]}},"_links":{"self":[{"href":"https:\/\/www.enscmu.uha.fr\/index.php\/wp-json\/wp\/v2\/posts\/2471","targetHints":{"allow":["GET"]}}],"collection":[{"href":"https:\/\/www.enscmu.uha.fr\/index.php\/wp-json\/wp\/v2\/posts"}],"about":[{"href":"https:\/\/www.enscmu.uha.fr\/index.php\/wp-json\/wp\/v2\/types\/post"}],"author":[{"embeddable":true,"href":"https:\/\/www.enscmu.uha.fr\/index.php\/wp-json\/wp\/v2\/users\/2"}],"replies":[{"embeddable":true,"href":"https:\/\/www.enscmu.uha.fr\/index.php\/wp-json\/wp\/v2\/comments?post=2471"}],"version-history":[{"count":6,"href":"https:\/\/www.enscmu.uha.fr\/index.php\/wp-json\/wp\/v2\/posts\/2471\/revisions"}],"predecessor-version":[{"id":2650,"href":"https:\/\/www.enscmu.uha.fr\/index.php\/wp-json\/wp\/v2\/posts\/2471\/revisions\/2650"}],"wp:featuredmedia":[{"embeddable":true,"href":"https:\/\/www.enscmu.uha.fr\/index.php\/wp-json\/wp\/v2\/media\/2472"}],"wp:attachment":[{"href":"https:\/\/www.enscmu.uha.fr\/index.php\/wp-json\/wp\/v2\/media?parent=2471"}],"wp:term":[{"taxonomy":"category","embeddable":true,"href":"https:\/\/www.enscmu.uha.fr\/index.php\/wp-json\/wp\/v2\/categories?post=2471"},{"taxonomy":"post_tag","embeddable":true,"href":"https:\/\/www.enscmu.uha.fr\/index.php\/wp-json\/wp\/v2\/tags?post=2471"}],"curies":[{"name":"wp","href":"https:\/\/api.w.org\/{rel}","templated":true}]}}