{"id":3460,"date":"2021-07-12T11:49:44","date_gmt":"2021-07-12T09:49:44","guid":{"rendered":"https:\/\/www.enscmu.uha.fr\/?p=3460"},"modified":"2021-07-15T11:06:22","modified_gmt":"2021-07-15T09:06:22","slug":"ou-nos-eleves-sont-ils-decouvrez-la-carte-des-stages-et-mobilites-2020-21","status":"publish","type":"post","link":"https:\/\/www.enscmu.uha.fr\/index.php\/2021\/07\/12\/ou-nos-eleves-sont-ils-decouvrez-la-carte-des-stages-et-mobilites-2020-21\/","title":{"rendered":"O\u00d9 NOS \u00c9L\u00c8VES SONT-ILS ? D\u00c9COUVREZ LA CARTE DES STAGES ET MOBILIT\u00c9S 2020-21"},"content":{"rendered":"<div dir=\"auto\">Les \u00e9l\u00e8ves-ing\u00e9nieurs de l&rsquo;ENSCMu doivent passer au moins 3 mois \u00e0 l&rsquo;\u00e9tranger \u00e0 travers leurs stages, ann\u00e9e c\u00e9sure ou en mobilit\u00e9 acad\u00e9mique. D\u00e9couvrez o\u00f9 ils sont all\u00e9s cette ann\u00e9e sur les pages <a href=\"https:\/\/www.enscmu.uha.fr\/index.php\/formation\/cycle-ingenieur\/projets-stages\/\">Projets et stages<\/a> et <a href=\"https:\/\/www.enscmu.uha.fr\/index.php\/international\/partir-a-letranger\/\">Partir \u00e0 l&rsquo;\u00e9tranger<\/a>.<\/div>\n<div dir=\"auto\"><\/div>\n<div dir=\"auto\"><img loading=\"lazy\" decoding=\"async\" class=\"size-large wp-image-3482 alignnone\" src=\"https:\/\/www.enscmu.uha.fr\/wp-content\/uploads\/2021\/07\/ENSCMu_Carte-stages-mobilites_2020-21-1-1024x465.png\" alt=\"\" width=\"750\" height=\"341\" srcset=\"https:\/\/www.enscmu.uha.fr\/wp-content\/uploads\/2021\/07\/ENSCMu_Carte-stages-mobilites_2020-21-1-1024x465.png 1024w, https:\/\/www.enscmu.uha.fr\/wp-content\/uploads\/2021\/07\/ENSCMu_Carte-stages-mobilites_2020-21-1-300x136.png 300w, https:\/\/www.enscmu.uha.fr\/wp-content\/uploads\/2021\/07\/ENSCMu_Carte-stages-mobilites_2020-21-1-768x349.png 768w, https:\/\/www.enscmu.uha.fr\/wp-content\/uploads\/2021\/07\/ENSCMu_Carte-stages-mobilites_2020-21-1.png 1043w\" sizes=\"auto, (max-width: 750px) 100vw, 750px\" \/><\/div>\n<div dir=\"auto\"><\/div>\n<div dir=\"auto\"><\/div>\n","protected":false},"excerpt":{"rendered":"<p>Les \u00e9l\u00e8ves-ing\u00e9nieurs de l&rsquo;ENSCMu doivent passer au moins 3 mois \u00e0 l&rsquo;\u00e9tranger \u00e0 travers leurs stages, ann\u00e9e c\u00e9sure ou en mobilit\u00e9 acad\u00e9mique. D\u00e9couvrez o\u00f9 ils sont all\u00e9s cette ann\u00e9e sur les pages Projets et stages et Partir \u00e0 l&rsquo;\u00e9tranger.<\/p>\n","protected":false},"author":2,"featured_media":3461,"comment_status":"closed","ping_status":"closed","sticky":false,"template":"","format":"standard","meta":{"footnotes":""},"categories":[4],"tags":[],"class_list":["post-3460","post","type-post","status-publish","format-standard","has-post-thumbnail","hentry","category-actualites"],"yoast_head":"<!-- This site is optimized with the Yoast SEO plugin v27.4 - https:\/\/yoast.com\/product\/yoast-seo-wordpress\/ -->\n<title>O\u00d9 NOS \u00c9L\u00c8VES SONT-ILS ? D\u00c9COUVREZ LA CARTE DES STAGES ET MOBILIT\u00c9S 2020-21 - ENSCMu<\/title>\n<meta name=\"robots\" content=\"index, follow, max-snippet:-1, max-image-preview:large, max-video-preview:-1\" \/>\n<link rel=\"canonical\" href=\"https:\/\/www.enscmu.uha.fr\/index.php\/2021\/07\/12\/ou-nos-eleves-sont-ils-decouvrez-la-carte-des-stages-et-mobilites-2020-21\/\" \/>\n<meta property=\"og:locale\" content=\"fr_FR\" \/>\n<meta property=\"og:type\" content=\"article\" \/>\n<meta property=\"og:title\" content=\"O\u00d9 NOS \u00c9L\u00c8VES SONT-ILS ? D\u00c9COUVREZ LA CARTE DES STAGES ET MOBILIT\u00c9S 2020-21 - ENSCMu\" \/>\n<meta property=\"og:description\" content=\"Les \u00e9l\u00e8ves-ing\u00e9nieurs de l&rsquo;ENSCMu doivent passer au moins 3 mois \u00e0 l&rsquo;\u00e9tranger \u00e0 travers leurs stages, ann\u00e9e c\u00e9sure ou en mobilit\u00e9 acad\u00e9mique. D\u00e9couvrez o\u00f9 ils sont all\u00e9s cette ann\u00e9e sur les pages Projets et stages et Partir \u00e0 l&rsquo;\u00e9tranger.\" \/>\n<meta property=\"og:url\" content=\"https:\/\/www.enscmu.uha.fr\/index.php\/2021\/07\/12\/ou-nos-eleves-sont-ils-decouvrez-la-carte-des-stages-et-mobilites-2020-21\/\" \/>\n<meta property=\"og:site_name\" content=\"ENSCMu | \u00c9cole Nationale Sup\u00e9rieure de Chimie de Mulhouse\" \/>\n<meta property=\"article:published_time\" content=\"2021-07-12T09:49:44+00:00\" \/>\n<meta property=\"article:modified_time\" content=\"2021-07-15T09:06:22+00:00\" \/>\n<meta property=\"og:image\" content=\"https:\/\/www.enscmu.uha.fr\/wp-content\/uploads\/2021\/07\/ENSCMu_Carte-stages-mobilites_2020-21-e1626339896787.png\" \/>\n\t<meta property=\"og:image:width\" content=\"696\" \/>\n\t<meta property=\"og:image:height\" content=\"356\" \/>\n\t<meta property=\"og:image:type\" content=\"image\/png\" \/>\n<meta name=\"author\" content=\"Audrey Alau\" \/>\n<meta name=\"twitter:card\" content=\"summary_large_image\" \/>\n<meta name=\"twitter:label1\" content=\"\u00c9crit par\" \/>\n\t<meta name=\"twitter:data1\" content=\"Audrey Alau\" \/>\n\t<meta name=\"twitter:label2\" content=\"Dur\u00e9e de lecture estim\u00e9e\" \/>\n\t<meta name=\"twitter:data2\" content=\"1 minute\" \/>\n<script type=\"application\/ld+json\" class=\"yoast-schema-graph\">{\"@context\":\"https:\\\/\\\/schema.org\",\"@graph\":[{\"@type\":\"Article\",\"@id\":\"https:\\\/\\\/www.enscmu.uha.fr\\\/index.php\\\/2021\\\/07\\\/12\\\/ou-nos-eleves-sont-ils-decouvrez-la-carte-des-stages-et-mobilites-2020-21\\\/#article\",\"isPartOf\":{\"@id\":\"https:\\\/\\\/www.enscmu.uha.fr\\\/index.php\\\/2021\\\/07\\\/12\\\/ou-nos-eleves-sont-ils-decouvrez-la-carte-des-stages-et-mobilites-2020-21\\\/\"},\"author\":{\"name\":\"Audrey Alau\",\"@id\":\"https:\\\/\\\/www.enscmu.uha.fr\\\/#\\\/schema\\\/person\\\/f2835d395f80e52a366b81e0dcdcbf25\"},\"headline\":\"O\u00d9 NOS \u00c9L\u00c8VES SONT-ILS ? D\u00c9COUVREZ LA CARTE DES STAGES ET MOBILIT\u00c9S 2020-21\",\"datePublished\":\"2021-07-12T09:49:44+00:00\",\"dateModified\":\"2021-07-15T09:06:22+00:00\",\"mainEntityOfPage\":{\"@id\":\"https:\\\/\\\/www.enscmu.uha.fr\\\/index.php\\\/2021\\\/07\\\/12\\\/ou-nos-eleves-sont-ils-decouvrez-la-carte-des-stages-et-mobilites-2020-21\\\/\"},\"wordCount\":60,\"image\":{\"@id\":\"https:\\\/\\\/www.enscmu.uha.fr\\\/index.php\\\/2021\\\/07\\\/12\\\/ou-nos-eleves-sont-ils-decouvrez-la-carte-des-stages-et-mobilites-2020-21\\\/#primaryimage\"},\"thumbnailUrl\":\"https:\\\/\\\/www.enscmu.uha.fr\\\/wp-content\\\/uploads\\\/2021\\\/07\\\/ENSCMu_Carte-stages-mobilites_2020-21-e1626339896787.png\",\"articleSection\":[\"Actualit\u00e9s\"],\"inLanguage\":\"fr-FR\"},{\"@type\":\"WebPage\",\"@id\":\"https:\\\/\\\/www.enscmu.uha.fr\\\/index.php\\\/2021\\\/07\\\/12\\\/ou-nos-eleves-sont-ils-decouvrez-la-carte-des-stages-et-mobilites-2020-21\\\/\",\"url\":\"https:\\\/\\\/www.enscmu.uha.fr\\\/index.php\\\/2021\\\/07\\\/12\\\/ou-nos-eleves-sont-ils-decouvrez-la-carte-des-stages-et-mobilites-2020-21\\\/\",\"name\":\"O\u00d9 NOS \u00c9L\u00c8VES SONT-ILS ? D\u00c9COUVREZ LA CARTE DES STAGES ET MOBILIT\u00c9S 2020-21 - ENSCMu\",\"isPartOf\":{\"@id\":\"https:\\\/\\\/www.enscmu.uha.fr\\\/#website\"},\"primaryImageOfPage\":{\"@id\":\"https:\\\/\\\/www.enscmu.uha.fr\\\/index.php\\\/2021\\\/07\\\/12\\\/ou-nos-eleves-sont-ils-decouvrez-la-carte-des-stages-et-mobilites-2020-21\\\/#primaryimage\"},\"image\":{\"@id\":\"https:\\\/\\\/www.enscmu.uha.fr\\\/index.php\\\/2021\\\/07\\\/12\\\/ou-nos-eleves-sont-ils-decouvrez-la-carte-des-stages-et-mobilites-2020-21\\\/#primaryimage\"},\"thumbnailUrl\":\"https:\\\/\\\/www.enscmu.uha.fr\\\/wp-content\\\/uploads\\\/2021\\\/07\\\/ENSCMu_Carte-stages-mobilites_2020-21-e1626339896787.png\",\"datePublished\":\"2021-07-12T09:49:44+00:00\",\"dateModified\":\"2021-07-15T09:06:22+00:00\",\"author\":{\"@id\":\"https:\\\/\\\/www.enscmu.uha.fr\\\/#\\\/schema\\\/person\\\/f2835d395f80e52a366b81e0dcdcbf25\"},\"breadcrumb\":{\"@id\":\"https:\\\/\\\/www.enscmu.uha.fr\\\/index.php\\\/2021\\\/07\\\/12\\\/ou-nos-eleves-sont-ils-decouvrez-la-carte-des-stages-et-mobilites-2020-21\\\/#breadcrumb\"},\"inLanguage\":\"fr-FR\",\"potentialAction\":[{\"@type\":\"ReadAction\",\"target\":[\"https:\\\/\\\/www.enscmu.uha.fr\\\/index.php\\\/2021\\\/07\\\/12\\\/ou-nos-eleves-sont-ils-decouvrez-la-carte-des-stages-et-mobilites-2020-21\\\/\"]}]},{\"@type\":\"ImageObject\",\"inLanguage\":\"fr-FR\",\"@id\":\"https:\\\/\\\/www.enscmu.uha.fr\\\/index.php\\\/2021\\\/07\\\/12\\\/ou-nos-eleves-sont-ils-decouvrez-la-carte-des-stages-et-mobilites-2020-21\\\/#primaryimage\",\"url\":\"https:\\\/\\\/www.enscmu.uha.fr\\\/wp-content\\\/uploads\\\/2021\\\/07\\\/ENSCMu_Carte-stages-mobilites_2020-21-e1626339896787.png\",\"contentUrl\":\"https:\\\/\\\/www.enscmu.uha.fr\\\/wp-content\\\/uploads\\\/2021\\\/07\\\/ENSCMu_Carte-stages-mobilites_2020-21-e1626339896787.png\",\"width\":696,\"height\":356},{\"@type\":\"BreadcrumbList\",\"@id\":\"https:\\\/\\\/www.enscmu.uha.fr\\\/index.php\\\/2021\\\/07\\\/12\\\/ou-nos-eleves-sont-ils-decouvrez-la-carte-des-stages-et-mobilites-2020-21\\\/#breadcrumb\",\"itemListElement\":[{\"@type\":\"ListItem\",\"position\":1,\"name\":\"Accueil\",\"item\":\"https:\\\/\\\/www.enscmu.uha.fr\\\/\"},{\"@type\":\"ListItem\",\"position\":2,\"name\":\"O\u00d9 NOS \u00c9L\u00c8VES SONT-ILS ? D\u00c9COUVREZ LA CARTE DES STAGES ET MOBILIT\u00c9S 2020-21\"}]},{\"@type\":\"WebSite\",\"@id\":\"https:\\\/\\\/www.enscmu.uha.fr\\\/#website\",\"url\":\"https:\\\/\\\/www.enscmu.uha.fr\\\/\",\"name\":\"ENSCMu | \u00c9cole Nationale Sup\u00e9rieure de Chimie de Mulhouse\",\"description\":\"Campus Illberg | Universit\u00e9 de Haute-Alsace\",\"potentialAction\":[{\"@type\":\"SearchAction\",\"target\":{\"@type\":\"EntryPoint\",\"urlTemplate\":\"https:\\\/\\\/www.enscmu.uha.fr\\\/?s={search_term_string}\"},\"query-input\":{\"@type\":\"PropertyValueSpecification\",\"valueRequired\":true,\"valueName\":\"search_term_string\"}}],\"inLanguage\":\"fr-FR\"},{\"@type\":\"Person\",\"@id\":\"https:\\\/\\\/www.enscmu.uha.fr\\\/#\\\/schema\\\/person\\\/f2835d395f80e52a366b81e0dcdcbf25\",\"name\":\"Audrey Alau\",\"image\":{\"@type\":\"ImageObject\",\"inLanguage\":\"fr-FR\",\"@id\":\"https:\\\/\\\/secure.gravatar.com\\\/avatar\\\/2baf6bd13e273bf286de0c1514a12561884c9d0187dbcb57e69148c50ace2666?s=96&d=mm&r=g\",\"url\":\"https:\\\/\\\/secure.gravatar.com\\\/avatar\\\/2baf6bd13e273bf286de0c1514a12561884c9d0187dbcb57e69148c50ace2666?s=96&d=mm&r=g\",\"contentUrl\":\"https:\\\/\\\/secure.gravatar.com\\\/avatar\\\/2baf6bd13e273bf286de0c1514a12561884c9d0187dbcb57e69148c50ace2666?s=96&d=mm&r=g\",\"caption\":\"Audrey Alau\"},\"url\":\"https:\\\/\\\/www.enscmu.uha.fr\\\/index.php\\\/author\\\/audrey-alauuha-fr\\\/\"}]}<\/script>\n<!-- \/ Yoast SEO plugin. -->","yoast_head_json":{"title":"O\u00d9 NOS \u00c9L\u00c8VES SONT-ILS ? D\u00c9COUVREZ LA CARTE DES STAGES ET MOBILIT\u00c9S 2020-21 - ENSCMu","robots":{"index":"index","follow":"follow","max-snippet":"max-snippet:-1","max-image-preview":"max-image-preview:large","max-video-preview":"max-video-preview:-1"},"canonical":"https:\/\/www.enscmu.uha.fr\/index.php\/2021\/07\/12\/ou-nos-eleves-sont-ils-decouvrez-la-carte-des-stages-et-mobilites-2020-21\/","og_locale":"fr_FR","og_type":"article","og_title":"O\u00d9 NOS \u00c9L\u00c8VES SONT-ILS ? D\u00c9COUVREZ LA CARTE DES STAGES ET MOBILIT\u00c9S 2020-21 - ENSCMu","og_description":"Les \u00e9l\u00e8ves-ing\u00e9nieurs de l&rsquo;ENSCMu doivent passer au moins 3 mois \u00e0 l&rsquo;\u00e9tranger \u00e0 travers leurs stages, ann\u00e9e c\u00e9sure ou en mobilit\u00e9 acad\u00e9mique. D\u00e9couvrez o\u00f9 ils sont all\u00e9s cette ann\u00e9e sur les pages Projets et stages et Partir \u00e0 l&rsquo;\u00e9tranger.","og_url":"https:\/\/www.enscmu.uha.fr\/index.php\/2021\/07\/12\/ou-nos-eleves-sont-ils-decouvrez-la-carte-des-stages-et-mobilites-2020-21\/","og_site_name":"ENSCMu | \u00c9cole Nationale Sup\u00e9rieure de Chimie de Mulhouse","article_published_time":"2021-07-12T09:49:44+00:00","article_modified_time":"2021-07-15T09:06:22+00:00","og_image":[{"width":696,"height":356,"url":"https:\/\/www.enscmu.uha.fr\/wp-content\/uploads\/2021\/07\/ENSCMu_Carte-stages-mobilites_2020-21-e1626339896787.png","type":"image\/png"}],"author":"Audrey Alau","twitter_card":"summary_large_image","twitter_misc":{"\u00c9crit par":"Audrey Alau","Dur\u00e9e de lecture estim\u00e9e":"1 minute"},"schema":{"@context":"https:\/\/schema.org","@graph":[{"@type":"Article","@id":"https:\/\/www.enscmu.uha.fr\/index.php\/2021\/07\/12\/ou-nos-eleves-sont-ils-decouvrez-la-carte-des-stages-et-mobilites-2020-21\/#article","isPartOf":{"@id":"https:\/\/www.enscmu.uha.fr\/index.php\/2021\/07\/12\/ou-nos-eleves-sont-ils-decouvrez-la-carte-des-stages-et-mobilites-2020-21\/"},"author":{"name":"Audrey Alau","@id":"https:\/\/www.enscmu.uha.fr\/#\/schema\/person\/f2835d395f80e52a366b81e0dcdcbf25"},"headline":"O\u00d9 NOS \u00c9L\u00c8VES SONT-ILS ? D\u00c9COUVREZ LA CARTE DES STAGES ET MOBILIT\u00c9S 2020-21","datePublished":"2021-07-12T09:49:44+00:00","dateModified":"2021-07-15T09:06:22+00:00","mainEntityOfPage":{"@id":"https:\/\/www.enscmu.uha.fr\/index.php\/2021\/07\/12\/ou-nos-eleves-sont-ils-decouvrez-la-carte-des-stages-et-mobilites-2020-21\/"},"wordCount":60,"image":{"@id":"https:\/\/www.enscmu.uha.fr\/index.php\/2021\/07\/12\/ou-nos-eleves-sont-ils-decouvrez-la-carte-des-stages-et-mobilites-2020-21\/#primaryimage"},"thumbnailUrl":"https:\/\/www.enscmu.uha.fr\/wp-content\/uploads\/2021\/07\/ENSCMu_Carte-stages-mobilites_2020-21-e1626339896787.png","articleSection":["Actualit\u00e9s"],"inLanguage":"fr-FR"},{"@type":"WebPage","@id":"https:\/\/www.enscmu.uha.fr\/index.php\/2021\/07\/12\/ou-nos-eleves-sont-ils-decouvrez-la-carte-des-stages-et-mobilites-2020-21\/","url":"https:\/\/www.enscmu.uha.fr\/index.php\/2021\/07\/12\/ou-nos-eleves-sont-ils-decouvrez-la-carte-des-stages-et-mobilites-2020-21\/","name":"O\u00d9 NOS \u00c9L\u00c8VES SONT-ILS ? D\u00c9COUVREZ LA CARTE DES STAGES ET MOBILIT\u00c9S 2020-21 - ENSCMu","isPartOf":{"@id":"https:\/\/www.enscmu.uha.fr\/#website"},"primaryImageOfPage":{"@id":"https:\/\/www.enscmu.uha.fr\/index.php\/2021\/07\/12\/ou-nos-eleves-sont-ils-decouvrez-la-carte-des-stages-et-mobilites-2020-21\/#primaryimage"},"image":{"@id":"https:\/\/www.enscmu.uha.fr\/index.php\/2021\/07\/12\/ou-nos-eleves-sont-ils-decouvrez-la-carte-des-stages-et-mobilites-2020-21\/#primaryimage"},"thumbnailUrl":"https:\/\/www.enscmu.uha.fr\/wp-content\/uploads\/2021\/07\/ENSCMu_Carte-stages-mobilites_2020-21-e1626339896787.png","datePublished":"2021-07-12T09:49:44+00:00","dateModified":"2021-07-15T09:06:22+00:00","author":{"@id":"https:\/\/www.enscmu.uha.fr\/#\/schema\/person\/f2835d395f80e52a366b81e0dcdcbf25"},"breadcrumb":{"@id":"https:\/\/www.enscmu.uha.fr\/index.php\/2021\/07\/12\/ou-nos-eleves-sont-ils-decouvrez-la-carte-des-stages-et-mobilites-2020-21\/#breadcrumb"},"inLanguage":"fr-FR","potentialAction":[{"@type":"ReadAction","target":["https:\/\/www.enscmu.uha.fr\/index.php\/2021\/07\/12\/ou-nos-eleves-sont-ils-decouvrez-la-carte-des-stages-et-mobilites-2020-21\/"]}]},{"@type":"ImageObject","inLanguage":"fr-FR","@id":"https:\/\/www.enscmu.uha.fr\/index.php\/2021\/07\/12\/ou-nos-eleves-sont-ils-decouvrez-la-carte-des-stages-et-mobilites-2020-21\/#primaryimage","url":"https:\/\/www.enscmu.uha.fr\/wp-content\/uploads\/2021\/07\/ENSCMu_Carte-stages-mobilites_2020-21-e1626339896787.png","contentUrl":"https:\/\/www.enscmu.uha.fr\/wp-content\/uploads\/2021\/07\/ENSCMu_Carte-stages-mobilites_2020-21-e1626339896787.png","width":696,"height":356},{"@type":"BreadcrumbList","@id":"https:\/\/www.enscmu.uha.fr\/index.php\/2021\/07\/12\/ou-nos-eleves-sont-ils-decouvrez-la-carte-des-stages-et-mobilites-2020-21\/#breadcrumb","itemListElement":[{"@type":"ListItem","position":1,"name":"Accueil","item":"https:\/\/www.enscmu.uha.fr\/"},{"@type":"ListItem","position":2,"name":"O\u00d9 NOS \u00c9L\u00c8VES SONT-ILS ? D\u00c9COUVREZ LA CARTE DES STAGES ET MOBILIT\u00c9S 2020-21"}]},{"@type":"WebSite","@id":"https:\/\/www.enscmu.uha.fr\/#website","url":"https:\/\/www.enscmu.uha.fr\/","name":"ENSCMu | \u00c9cole Nationale Sup\u00e9rieure de Chimie de Mulhouse","description":"Campus Illberg | Universit\u00e9 de Haute-Alsace","potentialAction":[{"@type":"SearchAction","target":{"@type":"EntryPoint","urlTemplate":"https:\/\/www.enscmu.uha.fr\/?s={search_term_string}"},"query-input":{"@type":"PropertyValueSpecification","valueRequired":true,"valueName":"search_term_string"}}],"inLanguage":"fr-FR"},{"@type":"Person","@id":"https:\/\/www.enscmu.uha.fr\/#\/schema\/person\/f2835d395f80e52a366b81e0dcdcbf25","name":"Audrey Alau","image":{"@type":"ImageObject","inLanguage":"fr-FR","@id":"https:\/\/secure.gravatar.com\/avatar\/2baf6bd13e273bf286de0c1514a12561884c9d0187dbcb57e69148c50ace2666?s=96&d=mm&r=g","url":"https:\/\/secure.gravatar.com\/avatar\/2baf6bd13e273bf286de0c1514a12561884c9d0187dbcb57e69148c50ace2666?s=96&d=mm&r=g","contentUrl":"https:\/\/secure.gravatar.com\/avatar\/2baf6bd13e273bf286de0c1514a12561884c9d0187dbcb57e69148c50ace2666?s=96&d=mm&r=g","caption":"Audrey Alau"},"url":"https:\/\/www.enscmu.uha.fr\/index.php\/author\/audrey-alauuha-fr\/"}]}},"_links":{"self":[{"href":"https:\/\/www.enscmu.uha.fr\/index.php\/wp-json\/wp\/v2\/posts\/3460","targetHints":{"allow":["GET"]}}],"collection":[{"href":"https:\/\/www.enscmu.uha.fr\/index.php\/wp-json\/wp\/v2\/posts"}],"about":[{"href":"https:\/\/www.enscmu.uha.fr\/index.php\/wp-json\/wp\/v2\/types\/post"}],"author":[{"embeddable":true,"href":"https:\/\/www.enscmu.uha.fr\/index.php\/wp-json\/wp\/v2\/users\/2"}],"replies":[{"embeddable":true,"href":"https:\/\/www.enscmu.uha.fr\/index.php\/wp-json\/wp\/v2\/comments?post=3460"}],"version-history":[{"count":3,"href":"https:\/\/www.enscmu.uha.fr\/index.php\/wp-json\/wp\/v2\/posts\/3460\/revisions"}],"predecessor-version":[{"id":3471,"href":"https:\/\/www.enscmu.uha.fr\/index.php\/wp-json\/wp\/v2\/posts\/3460\/revisions\/3471"}],"wp:featuredmedia":[{"embeddable":true,"href":"https:\/\/www.enscmu.uha.fr\/index.php\/wp-json\/wp\/v2\/media\/3461"}],"wp:attachment":[{"href":"https:\/\/www.enscmu.uha.fr\/index.php\/wp-json\/wp\/v2\/media?parent=3460"}],"wp:term":[{"taxonomy":"category","embeddable":true,"href":"https:\/\/www.enscmu.uha.fr\/index.php\/wp-json\/wp\/v2\/categories?post=3460"},{"taxonomy":"post_tag","embeddable":true,"href":"https:\/\/www.enscmu.uha.fr\/index.php\/wp-json\/wp\/v2\/tags?post=3460"}],"curies":[{"name":"wp","href":"https:\/\/api.w.org\/{rel}","templated":true}]}}