{"id":5575,"date":"2025-09-26T10:09:03","date_gmt":"2025-09-26T08:09:03","guid":{"rendered":"https:\/\/www.enscmu.uha.fr\/?p=5575"},"modified":"2025-09-29T14:53:15","modified_gmt":"2025-09-29T12:53:15","slug":"19-edition-du-forum-stage-emploi-le-16-octobre","status":"publish","type":"post","link":"https:\/\/www.enscmu.uha.fr\/index.php\/2025\/09\/26\/19-edition-du-forum-stage-emploi-le-16-octobre\/","title":{"rendered":"19 \u00c9DITION DU FORUM STAGE &#038; EMPLOI LE 16 OCTOBRE"},"content":{"rendered":"<p><img loading=\"lazy\" decoding=\"async\" class=\"alignnone wp-image-5576 size-large\" src=\"https:\/\/www.enscmu.uha.fr\/wp-content\/uploads\/2025\/09\/2025-forum-slider-3-1024x299.png\" alt=\"\" width=\"750\" height=\"219\" srcset=\"https:\/\/www.enscmu.uha.fr\/wp-content\/uploads\/2025\/09\/2025-forum-slider-3-1024x299.png 1024w, https:\/\/www.enscmu.uha.fr\/wp-content\/uploads\/2025\/09\/2025-forum-slider-3-300x88.png 300w, https:\/\/www.enscmu.uha.fr\/wp-content\/uploads\/2025\/09\/2025-forum-slider-3-768x224.png 768w, https:\/\/www.enscmu.uha.fr\/wp-content\/uploads\/2025\/09\/2025-forum-slider-3.png 1200w\" sizes=\"auto, (max-width: 750px) 100vw, 750px\" \/><\/p>\n<p style=\"font-weight: 400;\">Les 150 entreprises inscrites, vous attendent nombreux lors <strong>Forum stage &amp; emploi<\/strong> le <strong>16 octobre, qui se d\u00e9roulera \u00e0 la Halle des sports de Strasbourg<\/strong> de <strong>9h30 \u00e0 17h30. <\/strong><\/p>\n<p style=\"font-weight: 400;\">Les entreprises pr\u00e9sentes le jour J sont issues de domaines vari\u00e9s, et en particulier le secteur chimie &#8211; sant\u00e9 &#8211; pharma &#8211; biotech.<\/p>\n<p style=\"font-weight: 400;\"><strong>Etudiants, inscrivez-vous &amp; d\u00e9posez votre cv \u00e0 partir du 1er octobre\u00a0: <\/strong><a href=\"https:\/\/forum.alsacetech.unistra.fr\/depotcv-inscription\/\"><strong>https:\/\/forum.alsacetech.unistra.fr\/depotcv-inscription\/<\/strong><\/a><\/p>\n<p>D\u00e8s le 1er octobre, vous pourrez aussi consulter les offres des entreprises et candidater<\/p>\n<p style=\"font-weight: 400;\"><strong>Un volet num\u00e9rique pour prolonger l\u2019exp\u00e9rience ou pour les \u00e9tudiants actuellement en mobilit\u00e9<\/strong><\/p>\n<p style=\"font-weight: 400;\">\u00a0\u00c0 partir du <strong>17 octobre et jusqu\u2019au 24 octobre<\/strong>, les entreprises et les candidats pourront poursuivre leurs \u00e9changes en ligne via la plateforme <strong>Seekube<\/strong>. Ce format digital permettra des rendez-vous programm\u00e9s et des discussions approfondies sur des offres de stage, alternance ou emploi.<\/p>\n<p style=\"font-weight: 400;\"><strong>Une \u00e9dition 2025 \u00e0 ne pas manquer !<\/strong><\/p>\n<p style=\"font-weight: 400;\">Pour plus d\u2019informations sur le programme complet, rendez-vous sur\u00a0: <a href=\"https:\/\/forum.alsacetech.unistra.fr\/\">https:\/\/forum.alsacetech.unistra.fr\/<\/a><\/p>\n<p>&nbsp;<\/p>\n","protected":false},"excerpt":{"rendered":"<p>Les 150 entreprises inscrites, vous attendent nombreux lors Forum stage &amp; emploi le 16 octobre, qui se d\u00e9roulera \u00e0 la Halle des sports de Strasbourg de 9h30 \u00e0 17h30. Les entreprises pr\u00e9sentes le jour J sont issues de domaines vari\u00e9s, et en particulier le secteur chimie &#8211; sant\u00e9 &#8211; pharma &#8211; biotech. Etudiants, inscrivez-vous &amp; [&hellip;]<\/p>\n","protected":false},"author":2,"featured_media":5586,"comment_status":"closed","ping_status":"closed","sticky":false,"template":"","format":"standard","meta":{"footnotes":""},"categories":[4],"tags":[],"class_list":["post-5575","post","type-post","status-publish","format-standard","has-post-thumbnail","hentry","category-actualites"],"yoast_head":"<!-- This site is optimized with the Yoast SEO plugin v27.4 - https:\/\/yoast.com\/product\/yoast-seo-wordpress\/ -->\n<title>19 \u00c9DITION DU FORUM STAGE &amp; EMPLOI LE 16 OCTOBRE - ENSCMu<\/title>\n<meta name=\"robots\" content=\"index, follow, max-snippet:-1, max-image-preview:large, max-video-preview:-1\" \/>\n<link rel=\"canonical\" href=\"https:\/\/www.enscmu.uha.fr\/index.php\/2025\/09\/26\/19-edition-du-forum-stage-emploi-le-16-octobre\/\" \/>\n<meta property=\"og:locale\" content=\"fr_FR\" \/>\n<meta property=\"og:type\" content=\"article\" \/>\n<meta property=\"og:title\" content=\"19 \u00c9DITION DU FORUM STAGE &amp; EMPLOI LE 16 OCTOBRE - ENSCMu\" \/>\n<meta property=\"og:description\" content=\"Les 150 entreprises inscrites, vous attendent nombreux lors Forum stage &amp; emploi le 16 octobre, qui se d\u00e9roulera \u00e0 la Halle des sports de Strasbourg de 9h30 \u00e0 17h30. Les entreprises pr\u00e9sentes le jour J sont issues de domaines vari\u00e9s, et en particulier le secteur chimie &#8211; sant\u00e9 &#8211; pharma &#8211; biotech. Etudiants, inscrivez-vous &amp; [&hellip;]\" \/>\n<meta property=\"og:url\" content=\"https:\/\/www.enscmu.uha.fr\/index.php\/2025\/09\/26\/19-edition-du-forum-stage-emploi-le-16-octobre\/\" \/>\n<meta property=\"og:site_name\" content=\"ENSCMu | \u00c9cole Nationale Sup\u00e9rieure de Chimie de Mulhouse\" \/>\n<meta property=\"article:published_time\" content=\"2025-09-26T08:09:03+00:00\" \/>\n<meta property=\"article:modified_time\" content=\"2025-09-29T12:53:15+00:00\" \/>\n<meta property=\"og:image\" content=\"https:\/\/www.enscmu.uha.fr\/wp-content\/uploads\/2025\/09\/2025-Logo-FAT-1-scaled.png\" \/>\n\t<meta property=\"og:image:width\" content=\"2560\" \/>\n\t<meta property=\"og:image:height\" content=\"1969\" \/>\n\t<meta property=\"og:image:type\" content=\"image\/png\" \/>\n<meta name=\"author\" content=\"Audrey Alau\" \/>\n<meta name=\"twitter:card\" content=\"summary_large_image\" \/>\n<meta name=\"twitter:label1\" content=\"\u00c9crit par\" \/>\n\t<meta name=\"twitter:data1\" content=\"Audrey Alau\" \/>\n\t<meta name=\"twitter:label2\" content=\"Dur\u00e9e de lecture estim\u00e9e\" \/>\n\t<meta name=\"twitter:data2\" content=\"2 minutes\" \/>\n<script type=\"application\/ld+json\" class=\"yoast-schema-graph\">{\"@context\":\"https:\\\/\\\/schema.org\",\"@graph\":[{\"@type\":\"Article\",\"@id\":\"https:\\\/\\\/www.enscmu.uha.fr\\\/index.php\\\/2025\\\/09\\\/26\\\/19-edition-du-forum-stage-emploi-le-16-octobre\\\/#article\",\"isPartOf\":{\"@id\":\"https:\\\/\\\/www.enscmu.uha.fr\\\/index.php\\\/2025\\\/09\\\/26\\\/19-edition-du-forum-stage-emploi-le-16-octobre\\\/\"},\"author\":{\"name\":\"Audrey Alau\",\"@id\":\"https:\\\/\\\/www.enscmu.uha.fr\\\/#\\\/schema\\\/person\\\/f2835d395f80e52a366b81e0dcdcbf25\"},\"headline\":\"19 \u00c9DITION DU FORUM STAGE &#038; EMPLOI LE 16 OCTOBRE\",\"datePublished\":\"2025-09-26T08:09:03+00:00\",\"dateModified\":\"2025-09-29T12:53:15+00:00\",\"mainEntityOfPage\":{\"@id\":\"https:\\\/\\\/www.enscmu.uha.fr\\\/index.php\\\/2025\\\/09\\\/26\\\/19-edition-du-forum-stage-emploi-le-16-octobre\\\/\"},\"wordCount\":169,\"image\":{\"@id\":\"https:\\\/\\\/www.enscmu.uha.fr\\\/index.php\\\/2025\\\/09\\\/26\\\/19-edition-du-forum-stage-emploi-le-16-octobre\\\/#primaryimage\"},\"thumbnailUrl\":\"https:\\\/\\\/www.enscmu.uha.fr\\\/wp-content\\\/uploads\\\/2025\\\/09\\\/2025-Logo-FAT-1-scaled.png\",\"articleSection\":[\"Actualit\u00e9s\"],\"inLanguage\":\"fr-FR\"},{\"@type\":\"WebPage\",\"@id\":\"https:\\\/\\\/www.enscmu.uha.fr\\\/index.php\\\/2025\\\/09\\\/26\\\/19-edition-du-forum-stage-emploi-le-16-octobre\\\/\",\"url\":\"https:\\\/\\\/www.enscmu.uha.fr\\\/index.php\\\/2025\\\/09\\\/26\\\/19-edition-du-forum-stage-emploi-le-16-octobre\\\/\",\"name\":\"19 \u00c9DITION DU FORUM STAGE & EMPLOI LE 16 OCTOBRE - ENSCMu\",\"isPartOf\":{\"@id\":\"https:\\\/\\\/www.enscmu.uha.fr\\\/#website\"},\"primaryImageOfPage\":{\"@id\":\"https:\\\/\\\/www.enscmu.uha.fr\\\/index.php\\\/2025\\\/09\\\/26\\\/19-edition-du-forum-stage-emploi-le-16-octobre\\\/#primaryimage\"},\"image\":{\"@id\":\"https:\\\/\\\/www.enscmu.uha.fr\\\/index.php\\\/2025\\\/09\\\/26\\\/19-edition-du-forum-stage-emploi-le-16-octobre\\\/#primaryimage\"},\"thumbnailUrl\":\"https:\\\/\\\/www.enscmu.uha.fr\\\/wp-content\\\/uploads\\\/2025\\\/09\\\/2025-Logo-FAT-1-scaled.png\",\"datePublished\":\"2025-09-26T08:09:03+00:00\",\"dateModified\":\"2025-09-29T12:53:15+00:00\",\"author\":{\"@id\":\"https:\\\/\\\/www.enscmu.uha.fr\\\/#\\\/schema\\\/person\\\/f2835d395f80e52a366b81e0dcdcbf25\"},\"breadcrumb\":{\"@id\":\"https:\\\/\\\/www.enscmu.uha.fr\\\/index.php\\\/2025\\\/09\\\/26\\\/19-edition-du-forum-stage-emploi-le-16-octobre\\\/#breadcrumb\"},\"inLanguage\":\"fr-FR\",\"potentialAction\":[{\"@type\":\"ReadAction\",\"target\":[\"https:\\\/\\\/www.enscmu.uha.fr\\\/index.php\\\/2025\\\/09\\\/26\\\/19-edition-du-forum-stage-emploi-le-16-octobre\\\/\"]}]},{\"@type\":\"ImageObject\",\"inLanguage\":\"fr-FR\",\"@id\":\"https:\\\/\\\/www.enscmu.uha.fr\\\/index.php\\\/2025\\\/09\\\/26\\\/19-edition-du-forum-stage-emploi-le-16-octobre\\\/#primaryimage\",\"url\":\"https:\\\/\\\/www.enscmu.uha.fr\\\/wp-content\\\/uploads\\\/2025\\\/09\\\/2025-Logo-FAT-1-scaled.png\",\"contentUrl\":\"https:\\\/\\\/www.enscmu.uha.fr\\\/wp-content\\\/uploads\\\/2025\\\/09\\\/2025-Logo-FAT-1-scaled.png\",\"width\":2560,\"height\":1969,\"caption\":\"Forum Alsace Tech\"},{\"@type\":\"BreadcrumbList\",\"@id\":\"https:\\\/\\\/www.enscmu.uha.fr\\\/index.php\\\/2025\\\/09\\\/26\\\/19-edition-du-forum-stage-emploi-le-16-octobre\\\/#breadcrumb\",\"itemListElement\":[{\"@type\":\"ListItem\",\"position\":1,\"name\":\"Accueil\",\"item\":\"https:\\\/\\\/www.enscmu.uha.fr\\\/\"},{\"@type\":\"ListItem\",\"position\":2,\"name\":\"19 \u00c9DITION DU FORUM STAGE &#038; EMPLOI LE 16 OCTOBRE\"}]},{\"@type\":\"WebSite\",\"@id\":\"https:\\\/\\\/www.enscmu.uha.fr\\\/#website\",\"url\":\"https:\\\/\\\/www.enscmu.uha.fr\\\/\",\"name\":\"ENSCMu | \u00c9cole Nationale Sup\u00e9rieure de Chimie de Mulhouse\",\"description\":\"Campus Illberg | Universit\u00e9 de Haute-Alsace\",\"potentialAction\":[{\"@type\":\"SearchAction\",\"target\":{\"@type\":\"EntryPoint\",\"urlTemplate\":\"https:\\\/\\\/www.enscmu.uha.fr\\\/?s={search_term_string}\"},\"query-input\":{\"@type\":\"PropertyValueSpecification\",\"valueRequired\":true,\"valueName\":\"search_term_string\"}}],\"inLanguage\":\"fr-FR\"},{\"@type\":\"Person\",\"@id\":\"https:\\\/\\\/www.enscmu.uha.fr\\\/#\\\/schema\\\/person\\\/f2835d395f80e52a366b81e0dcdcbf25\",\"name\":\"Audrey Alau\",\"image\":{\"@type\":\"ImageObject\",\"inLanguage\":\"fr-FR\",\"@id\":\"https:\\\/\\\/secure.gravatar.com\\\/avatar\\\/2baf6bd13e273bf286de0c1514a12561884c9d0187dbcb57e69148c50ace2666?s=96&d=mm&r=g\",\"url\":\"https:\\\/\\\/secure.gravatar.com\\\/avatar\\\/2baf6bd13e273bf286de0c1514a12561884c9d0187dbcb57e69148c50ace2666?s=96&d=mm&r=g\",\"contentUrl\":\"https:\\\/\\\/secure.gravatar.com\\\/avatar\\\/2baf6bd13e273bf286de0c1514a12561884c9d0187dbcb57e69148c50ace2666?s=96&d=mm&r=g\",\"caption\":\"Audrey Alau\"},\"url\":\"https:\\\/\\\/www.enscmu.uha.fr\\\/index.php\\\/author\\\/audrey-alauuha-fr\\\/\"}]}<\/script>\n<!-- \/ Yoast SEO plugin. -->","yoast_head_json":{"title":"19 \u00c9DITION DU FORUM STAGE & EMPLOI LE 16 OCTOBRE - ENSCMu","robots":{"index":"index","follow":"follow","max-snippet":"max-snippet:-1","max-image-preview":"max-image-preview:large","max-video-preview":"max-video-preview:-1"},"canonical":"https:\/\/www.enscmu.uha.fr\/index.php\/2025\/09\/26\/19-edition-du-forum-stage-emploi-le-16-octobre\/","og_locale":"fr_FR","og_type":"article","og_title":"19 \u00c9DITION DU FORUM STAGE & EMPLOI LE 16 OCTOBRE - ENSCMu","og_description":"Les 150 entreprises inscrites, vous attendent nombreux lors Forum stage &amp; emploi le 16 octobre, qui se d\u00e9roulera \u00e0 la Halle des sports de Strasbourg de 9h30 \u00e0 17h30. Les entreprises pr\u00e9sentes le jour J sont issues de domaines vari\u00e9s, et en particulier le secteur chimie &#8211; sant\u00e9 &#8211; pharma &#8211; biotech. Etudiants, inscrivez-vous &amp; [&hellip;]","og_url":"https:\/\/www.enscmu.uha.fr\/index.php\/2025\/09\/26\/19-edition-du-forum-stage-emploi-le-16-octobre\/","og_site_name":"ENSCMu | \u00c9cole Nationale Sup\u00e9rieure de Chimie de Mulhouse","article_published_time":"2025-09-26T08:09:03+00:00","article_modified_time":"2025-09-29T12:53:15+00:00","og_image":[{"width":2560,"height":1969,"url":"https:\/\/www.enscmu.uha.fr\/wp-content\/uploads\/2025\/09\/2025-Logo-FAT-1-scaled.png","type":"image\/png"}],"author":"Audrey Alau","twitter_card":"summary_large_image","twitter_misc":{"\u00c9crit par":"Audrey Alau","Dur\u00e9e de lecture estim\u00e9e":"2 minutes"},"schema":{"@context":"https:\/\/schema.org","@graph":[{"@type":"Article","@id":"https:\/\/www.enscmu.uha.fr\/index.php\/2025\/09\/26\/19-edition-du-forum-stage-emploi-le-16-octobre\/#article","isPartOf":{"@id":"https:\/\/www.enscmu.uha.fr\/index.php\/2025\/09\/26\/19-edition-du-forum-stage-emploi-le-16-octobre\/"},"author":{"name":"Audrey Alau","@id":"https:\/\/www.enscmu.uha.fr\/#\/schema\/person\/f2835d395f80e52a366b81e0dcdcbf25"},"headline":"19 \u00c9DITION DU FORUM STAGE &#038; EMPLOI LE 16 OCTOBRE","datePublished":"2025-09-26T08:09:03+00:00","dateModified":"2025-09-29T12:53:15+00:00","mainEntityOfPage":{"@id":"https:\/\/www.enscmu.uha.fr\/index.php\/2025\/09\/26\/19-edition-du-forum-stage-emploi-le-16-octobre\/"},"wordCount":169,"image":{"@id":"https:\/\/www.enscmu.uha.fr\/index.php\/2025\/09\/26\/19-edition-du-forum-stage-emploi-le-16-octobre\/#primaryimage"},"thumbnailUrl":"https:\/\/www.enscmu.uha.fr\/wp-content\/uploads\/2025\/09\/2025-Logo-FAT-1-scaled.png","articleSection":["Actualit\u00e9s"],"inLanguage":"fr-FR"},{"@type":"WebPage","@id":"https:\/\/www.enscmu.uha.fr\/index.php\/2025\/09\/26\/19-edition-du-forum-stage-emploi-le-16-octobre\/","url":"https:\/\/www.enscmu.uha.fr\/index.php\/2025\/09\/26\/19-edition-du-forum-stage-emploi-le-16-octobre\/","name":"19 \u00c9DITION DU FORUM STAGE & EMPLOI LE 16 OCTOBRE - ENSCMu","isPartOf":{"@id":"https:\/\/www.enscmu.uha.fr\/#website"},"primaryImageOfPage":{"@id":"https:\/\/www.enscmu.uha.fr\/index.php\/2025\/09\/26\/19-edition-du-forum-stage-emploi-le-16-octobre\/#primaryimage"},"image":{"@id":"https:\/\/www.enscmu.uha.fr\/index.php\/2025\/09\/26\/19-edition-du-forum-stage-emploi-le-16-octobre\/#primaryimage"},"thumbnailUrl":"https:\/\/www.enscmu.uha.fr\/wp-content\/uploads\/2025\/09\/2025-Logo-FAT-1-scaled.png","datePublished":"2025-09-26T08:09:03+00:00","dateModified":"2025-09-29T12:53:15+00:00","author":{"@id":"https:\/\/www.enscmu.uha.fr\/#\/schema\/person\/f2835d395f80e52a366b81e0dcdcbf25"},"breadcrumb":{"@id":"https:\/\/www.enscmu.uha.fr\/index.php\/2025\/09\/26\/19-edition-du-forum-stage-emploi-le-16-octobre\/#breadcrumb"},"inLanguage":"fr-FR","potentialAction":[{"@type":"ReadAction","target":["https:\/\/www.enscmu.uha.fr\/index.php\/2025\/09\/26\/19-edition-du-forum-stage-emploi-le-16-octobre\/"]}]},{"@type":"ImageObject","inLanguage":"fr-FR","@id":"https:\/\/www.enscmu.uha.fr\/index.php\/2025\/09\/26\/19-edition-du-forum-stage-emploi-le-16-octobre\/#primaryimage","url":"https:\/\/www.enscmu.uha.fr\/wp-content\/uploads\/2025\/09\/2025-Logo-FAT-1-scaled.png","contentUrl":"https:\/\/www.enscmu.uha.fr\/wp-content\/uploads\/2025\/09\/2025-Logo-FAT-1-scaled.png","width":2560,"height":1969,"caption":"Forum Alsace Tech"},{"@type":"BreadcrumbList","@id":"https:\/\/www.enscmu.uha.fr\/index.php\/2025\/09\/26\/19-edition-du-forum-stage-emploi-le-16-octobre\/#breadcrumb","itemListElement":[{"@type":"ListItem","position":1,"name":"Accueil","item":"https:\/\/www.enscmu.uha.fr\/"},{"@type":"ListItem","position":2,"name":"19 \u00c9DITION DU FORUM STAGE &#038; EMPLOI LE 16 OCTOBRE"}]},{"@type":"WebSite","@id":"https:\/\/www.enscmu.uha.fr\/#website","url":"https:\/\/www.enscmu.uha.fr\/","name":"ENSCMu | \u00c9cole Nationale Sup\u00e9rieure de Chimie de Mulhouse","description":"Campus Illberg | Universit\u00e9 de Haute-Alsace","potentialAction":[{"@type":"SearchAction","target":{"@type":"EntryPoint","urlTemplate":"https:\/\/www.enscmu.uha.fr\/?s={search_term_string}"},"query-input":{"@type":"PropertyValueSpecification","valueRequired":true,"valueName":"search_term_string"}}],"inLanguage":"fr-FR"},{"@type":"Person","@id":"https:\/\/www.enscmu.uha.fr\/#\/schema\/person\/f2835d395f80e52a366b81e0dcdcbf25","name":"Audrey Alau","image":{"@type":"ImageObject","inLanguage":"fr-FR","@id":"https:\/\/secure.gravatar.com\/avatar\/2baf6bd13e273bf286de0c1514a12561884c9d0187dbcb57e69148c50ace2666?s=96&d=mm&r=g","url":"https:\/\/secure.gravatar.com\/avatar\/2baf6bd13e273bf286de0c1514a12561884c9d0187dbcb57e69148c50ace2666?s=96&d=mm&r=g","contentUrl":"https:\/\/secure.gravatar.com\/avatar\/2baf6bd13e273bf286de0c1514a12561884c9d0187dbcb57e69148c50ace2666?s=96&d=mm&r=g","caption":"Audrey Alau"},"url":"https:\/\/www.enscmu.uha.fr\/index.php\/author\/audrey-alauuha-fr\/"}]}},"_links":{"self":[{"href":"https:\/\/www.enscmu.uha.fr\/index.php\/wp-json\/wp\/v2\/posts\/5575","targetHints":{"allow":["GET"]}}],"collection":[{"href":"https:\/\/www.enscmu.uha.fr\/index.php\/wp-json\/wp\/v2\/posts"}],"about":[{"href":"https:\/\/www.enscmu.uha.fr\/index.php\/wp-json\/wp\/v2\/types\/post"}],"author":[{"embeddable":true,"href":"https:\/\/www.enscmu.uha.fr\/index.php\/wp-json\/wp\/v2\/users\/2"}],"replies":[{"embeddable":true,"href":"https:\/\/www.enscmu.uha.fr\/index.php\/wp-json\/wp\/v2\/comments?post=5575"}],"version-history":[{"count":4,"href":"https:\/\/www.enscmu.uha.fr\/index.php\/wp-json\/wp\/v2\/posts\/5575\/revisions"}],"predecessor-version":[{"id":5587,"href":"https:\/\/www.enscmu.uha.fr\/index.php\/wp-json\/wp\/v2\/posts\/5575\/revisions\/5587"}],"wp:featuredmedia":[{"embeddable":true,"href":"https:\/\/www.enscmu.uha.fr\/index.php\/wp-json\/wp\/v2\/media\/5586"}],"wp:attachment":[{"href":"https:\/\/www.enscmu.uha.fr\/index.php\/wp-json\/wp\/v2\/media?parent=5575"}],"wp:term":[{"taxonomy":"category","embeddable":true,"href":"https:\/\/www.enscmu.uha.fr\/index.php\/wp-json\/wp\/v2\/categories?post=5575"},{"taxonomy":"post_tag","embeddable":true,"href":"https:\/\/www.enscmu.uha.fr\/index.php\/wp-json\/wp\/v2\/tags?post=5575"}],"curies":[{"name":"wp","href":"https:\/\/api.w.org\/{rel}","templated":true}]}}